{"id":1464,"date":"2024-03-03T14:32:13","date_gmt":"2024-03-03T14:32:13","guid":{"rendered":"https:\/\/kg-moelle.de\/?p=1464"},"modified":"2024-03-12T19:15:30","modified_gmt":"2024-03-12T19:15:30","slug":"die-kindertollitaeten-der-stadt-stolberg","status":"publish","type":"post","link":"https:\/\/kg-moelle.de\/?p=1464","title":{"rendered":"Die Kindertollit\u00e4ten der Stadt Stolberg"},"content":{"rendered":"\n<p><strong>Als Prinzengarde begleiten wir, die Karnevalsgesellschaft M\u00f6lle 1937 e.V., die Kindertollit\u00e4t der Stadt Stolberg.<\/strong><\/p>\n\n\n\n<div style=\"height:20px\" aria-hidden=\"true\" class=\"wp-block-spacer\"><\/div>\n\n\n\n<p><mark style=\"background-color:#fcb900\" class=\"has-inline-color has-black-color\"><strong>M\u00f6chtest auch DU gerne einmal Kinderprinz oder Kinderprinzessin sein?<\/strong><br><strong>Gemeinsam mit uns die S\u00e4le in und um Stolberg unsicher machen?<\/strong><br><strong>Das Publikum begeistern?<br>Dann nehme gerne Kontakt mit uns auf!<\/strong><br><strong>Wir freuen uns auf Dich<\/strong> <strong>und die gemeinsame Zeit mit Dir!!!<\/strong><\/mark><\/p>\n\n\n\n<div style=\"height:40px\" aria-hidden=\"true\" class=\"wp-block-spacer\"><\/div>\n\n\n\n<p><strong>Kindertollit\u00e4ten aus vergangenen Zeiten:<\/strong><\/p>\n\n\n\n<div style=\"height:20px\" aria-hidden=\"true\" class=\"wp-block-spacer\"><\/div>\n\n\n\n<p>1948 Karl I (Contrael)<\/p>\n\n\n\n<p>1949 \/ 1950 Willi I. (Amian)<\/p>\n\n\n\n<p>1950 \/ 1951 Josef I. (H\u00e4hn)<\/p>\n\n\n\n<p>1951 \/ 1952 Rolf I. (Tille)<\/p>\n\n\n\n<p>1952 \/ 1953 Heinz I. (Lennartz)<\/p>\n\n\n\n<p>1953 \/ 1954 G\u00fcnther I. (Schulden)<\/p>\n\n\n\n<p>1954 \/ 1955 Dieter I. (Call)<\/p>\n\n\n\n<p>1955 \/ 1956 Rolf Dieter I (Bierfert)<\/p>\n\n\n\n<p>1956 \/ 1957 Axel I. (Haas)<\/p>\n\n\n\n<p>1957 \/ 1958 Bert I. (P\u00fctz)<\/p>\n\n\n\n<p>1958 \/ 1959 Franz I. (Holly)<\/p>\n\n\n\n<p>1959 \/ 1960 Rolf II. (R\u00f6\u00dfeler)<\/p>\n\n\n\n<p>1960 \/ 1961 Helmut I. (G\u00f6rres)<\/p>\n\n\n\n<p>1961 \/ 1962 Herbert I. (G\u00f6rres)<\/p>\n\n\n\n<p>1962 \/ 1963 Andre I. (Br\u00fcmmer)<\/p>\n\n\n\n<p>1963 \/ 1964 Walter I. (M\u00fchlhof)<\/p>\n\n\n\n<p>1964 \/ 1965 Hans I. (Dehey)<\/p>\n\n\n\n<p>1965 \/ 1966 Andre II. (R\u00f6\u00dfeler)<\/p>\n\n\n\n<p>1966 \/ 1967 Frank I. (Hanstein)<\/p>\n\n\n\n<p>1967 \/ 1968 Josef II. (Lang)<\/p>\n\n\n\n<p>1968 \/ 1969 Siegfried I. (Tillmann)<\/p>\n\n\n\n<p>1969 \/ 1970 Erwin I. (K\u00f6nigs)<\/p>\n\n\n\n<p>1970 \/ 1971 Harald I. (Houben)<\/p>\n\n\n\n<p>1971 \/ 1972 Udo I. (Kaiser)<\/p>\n\n\n\n<p>1972 \/ 1973 G\u00fcnter II. (Sch\u00f6n)<\/p>\n\n\n\n<div style=\"height:20px\" aria-hidden=\"true\" class=\"wp-block-spacer\"><\/div>\n\n\n\n<p>1999 \/ 2000 Patrick I. (Erler)<\/p>\n\n\n\n<p>2000 \/ 2001 Mike I. (Denninghoff)<\/p>\n\n\n\n<p>2001 \/ 2002 Stephan I. (Essmajor)<\/p>\n\n\n\n<p>2002 \/ 2003 Christian I. (Schleipen)<\/p>\n\n\n\n<p>2003 \/ 2004 Peter I. (Schmitz)<\/p>\n\n\n\n<p>2004 \/ 2005 Mandy I. (Keldenich)<\/p>\n\n\n\n<p>2005 \/ 2006 Felix I. (Nie\u00dfen)<\/p>\n\n\n\n<p>2006 \/ 2007 Sascha I. (Keller)<\/p>\n\n\n\n<p>2007 \/ 2008 Dana I. (Dr\u00fcner)<\/p>\n\n\n\n<p>2008 \/ 2009 Sascha II. (Stollenwerk)<\/p>\n\n\n\n<p>2009 \/ 2010 Maurice I. (Eengin)<\/p>\n\n\n\n<p>2010 \/ 2011 Erik I. (R\u00f6ntgen)<\/p>\n\n\n\n<p>2011 \/ 2012 Jacqueline I. (Bock)<\/p>\n\n\n\n<p>2012 \/ 2013 Janina I. (Grosche)<\/p>\n\n\n\n<p>2013 \/ 2014 Isabel I.  (Frank)<\/p>\n\n\n\n<div style=\"height:40px\" aria-hidden=\"true\" class=\"wp-block-spacer\"><\/div>\n\n\n\n<p><\/p>\n","protected":false},"excerpt":{"rendered":"<p>Als Prinzengarde begleiten wir, die Karnevalsgesellschaft M\u00f6lle 1937 e.V., die Kindertollit\u00e4t der Stadt Stolberg. M\u00f6chtest auch DU gerne einmal Kinderprinz oder Kinderprinzessin sein?Gemeinsam mit uns die S\u00e4le in und um Stolberg unsicher machen?Das Publikum begeistern?Dann nehme gerne Kontakt mit uns auf!Wir freuen uns auf Dich und die gemeinsame Zeit mit Dir!!! Kindertollit\u00e4ten aus vergangenen Zeiten: [&hellip;]<\/p>\n","protected":false},"author":3,"featured_media":1616,"comment_status":"closed","ping_status":"open","sticky":false,"template":"","format":"standard","meta":{"footnotes":""},"categories":[12],"tags":[],"class_list":["post-1464","post","type-post","status-publish","format-standard","has-post-thumbnail","hentry","category-ueber-uns"],"_links":{"self":[{"href":"https:\/\/kg-moelle.de\/index.php?rest_route=\/wp\/v2\/posts\/1464","targetHints":{"allow":["GET"]}}],"collection":[{"href":"https:\/\/kg-moelle.de\/index.php?rest_route=\/wp\/v2\/posts"}],"about":[{"href":"https:\/\/kg-moelle.de\/index.php?rest_route=\/wp\/v2\/types\/post"}],"author":[{"embeddable":true,"href":"https:\/\/kg-moelle.de\/index.php?rest_route=\/wp\/v2\/users\/3"}],"replies":[{"embeddable":true,"href":"https:\/\/kg-moelle.de\/index.php?rest_route=%2Fwp%2Fv2%2Fcomments&post=1464"}],"version-history":[{"count":27,"href":"https:\/\/kg-moelle.de\/index.php?rest_route=\/wp\/v2\/posts\/1464\/revisions"}],"predecessor-version":[{"id":1661,"href":"https:\/\/kg-moelle.de\/index.php?rest_route=\/wp\/v2\/posts\/1464\/revisions\/1661"}],"wp:featuredmedia":[{"embeddable":true,"href":"https:\/\/kg-moelle.de\/index.php?rest_route=\/wp\/v2\/media\/1616"}],"wp:attachment":[{"href":"https:\/\/kg-moelle.de\/index.php?rest_route=%2Fwp%2Fv2%2Fmedia&parent=1464"}],"wp:term":[{"taxonomy":"category","embeddable":true,"href":"https:\/\/kg-moelle.de\/index.php?rest_route=%2Fwp%2Fv2%2Fcategories&post=1464"},{"taxonomy":"post_tag","embeddable":true,"href":"https:\/\/kg-moelle.de\/index.php?rest_route=%2Fwp%2Fv2%2Ftags&post=1464"}],"curies":[{"name":"wp","href":"https:\/\/api.w.org\/{rel}","templated":true}]}}